{"id":584,"date":"2022-02-02T22:10:00","date_gmt":"2022-02-02T22:10:00","guid":{"rendered":"https:\/\/inerio.com.pl\/?p=584"},"modified":"2026-08-05T09:03:16","modified_gmt":"2026-08-05T09:03:16","slug":"granty-na-eurogranty","status":"publish","type":"post","link":"https:\/\/inerio.com.pl\/?p=584","title":{"rendered":"Granty na EuroGranty"},"content":{"rendered":"\n<p class=\"wp-block-paragraph\"><strong>Wci\u0105\u017c mo\u017cna zg\u0142asza\u0107 udzia\u0142 w konkursie PARP \u201eGranty na Eurogranty\u201d.<\/strong><br>Konkurs dla mikro, ma\u0142ych i \u015brednich przedsi\u0119biorstw, kt\u00f3rych siedziba lub oddzia\u0142 znajduje si\u0119 na terenie Polski.<br>O grant mo\u017cna si\u0119 stara\u0107 w ramach programu UE: Kreatywna Europa, LIFE, oraz innych program\u00f3w Unii Europejskiej zarz\u0105dzanych centralnie przez Komisj\u0119 Europejsk\u0105, w tym Horyzont Europa i Single Market Programme.<\/p>\n\n\n\n<p class=\"wp-block-paragraph\">Ca\u0142kowita pula \u015brodk\u00f3w w konkursie \u2013 <strong>50\u00a0000\u00a0000,00 z\u0142.<\/strong><br>Maksymalne dofinansowanie &#8211; <strong>do 280\u00a0060,00 z\u0142.<\/strong><\/p>\n\n\n\n<p class=\"wp-block-paragraph\"><strong>Dofinansowanie mo\u017cna przeznaczy\u0107 na:<\/strong><br>&#8211; przygotowanie aplikacji o Eurogrant, kt\u00f3ra b\u0119dzie zgodna z wymaganiami okre\u015blonymi przez organizatora konkursu;<br>&#8211; wynagrodzenie pracownik\u00f3w za dzia\u0142ania, kt\u00f3re b\u0119d\u0105 bezpo\u015brednio zwi\u0105zane z przygotowaniem projektu planowanego do realizacji w ramach jednego z Program\u00f3w UE;<br>&#8211; sfinansowanie koszt\u00f3w us\u0142ug doradczych;<br>&#8211; organizacj\u0119 spotka\u0144 i podr\u00f3\u017cy s\u0142u\u017cbowych, niezb\u0119dnych w procesie organizacji przedsi\u0119wzi\u0119cia;<br>&#8211; sfinansowanie koszt\u00f3w t\u0142umaczenia dokumentacji aplikacyjnej.<\/p>\n\n\n\n<p class=\"wp-block-paragraph\"><strong>Wnioski o dofinansowanie mog\u0105 by\u0107 sk\u0142adane w nast\u0119puj\u0105cych terminach:<\/strong><br>runda VI \u2013 od 28 stycznia do 31 marca 2022 r.<br>runda VII \u2013 od 1 kwietna do 31 maja 2022 r.<br>runda VIII &#8211; od 1 czerwca do 11 sierpnia 2022 r. (w ostatnim dniu naboru do godz. 16:00:00).<\/p>\n","protected":false},"excerpt":{"rendered":"<p>Wci\u0105\u017c mo\u017cna zg\u0142asza\u0107 udzia\u0142 w konkursie PARP \u201eGranty na Eurogranty\u201d.Konkurs dla mikro, ma\u0142ych i \u015brednich przedsi\u0119biorstw, kt\u00f3rych siedziba lub oddzia\u0142 znajduje si\u0119 na terenie Polski.O grant<span class=\"excerpt-hellip\"> [\u2026]<\/span><\/p>\n","protected":false},"author":1,"featured_media":1042,"comment_status":"open","ping_status":"closed","sticky":false,"template":"","format":"standard","meta":{"footnotes":""},"categories":[6,12],"tags":[4,5,7],"class_list":["post-584","post","type-post","status-publish","format-standard","has-post-thumbnail","hentry","category-projekty_ue","category-wpisy","tag-dofinansowania","tag-granty","tag-projekty-ue"],"_links":{"self":[{"href":"https:\/\/inerio.com.pl\/index.php?rest_route=\/wp\/v2\/posts\/584","targetHints":{"allow":["GET"]}}],"collection":[{"href":"https:\/\/inerio.com.pl\/index.php?rest_route=\/wp\/v2\/posts"}],"about":[{"href":"https:\/\/inerio.com.pl\/index.php?rest_route=\/wp\/v2\/types\/post"}],"author":[{"embeddable":true,"href":"https:\/\/inerio.com.pl\/index.php?rest_route=\/wp\/v2\/users\/1"}],"replies":[{"embeddable":true,"href":"https:\/\/inerio.com.pl\/index.php?rest_route=%2Fwp%2Fv2%2Fcomments&post=584"}],"version-history":[{"count":1,"href":"https:\/\/inerio.com.pl\/index.php?rest_route=\/wp\/v2\/posts\/584\/revisions"}],"predecessor-version":[{"id":1152,"href":"https:\/\/inerio.com.pl\/index.php?rest_route=\/wp\/v2\/posts\/584\/revisions\/1152"}],"wp:featuredmedia":[{"embeddable":true,"href":"https:\/\/inerio.com.pl\/index.php?rest_route=\/wp\/v2\/media\/1042"}],"wp:attachment":[{"href":"https:\/\/inerio.com.pl\/index.php?rest_route=%2Fwp%2Fv2%2Fmedia&parent=584"}],"wp:term":[{"taxonomy":"category","embeddable":true,"href":"https:\/\/inerio.com.pl\/index.php?rest_route=%2Fwp%2Fv2%2Fcategories&post=584"},{"taxonomy":"post_tag","embeddable":true,"href":"https:\/\/inerio.com.pl\/index.php?rest_route=%2Fwp%2Fv2%2Ftags&post=584"}],"curies":[{"name":"wp","href":"https:\/\/api.w.org\/{rel}","templated":true}]}}