{"id":607,"date":"2022-03-08T22:53:00","date_gmt":"2022-03-08T22:53:00","guid":{"rendered":"https:\/\/inerio.com.pl\/?p=607"},"modified":"2026-08-05T09:01:44","modified_gmt":"2026-08-05T09:01:44","slug":"wlasnosc-intelektualna-w-twojej-firmie","status":"publish","type":"post","link":"https:\/\/inerio.com.pl\/?p=607","title":{"rendered":"W\u0141ASNO\u015a\u0106 INTELEKTUALNA W TWOJEJ FIRMIE"},"content":{"rendered":"\n<p class=\"wp-block-paragraph\">Uprzejmie zapraszamy do aplikowania w ramach us\u0142ugi realizowanej w ramach Programu Operacyjnego Inteligentny Rozw\u00f3j. Aby zg\u0142osi\u0107 sw\u00f3j udzia\u0142 w projekcie, nale\u017cy zarejestrowa\u0107 \/ zalogowa\u0107 si\u0119 na Platformie Us\u0142ug Elektronicznych Urz\u0119du Patentowego RP (PUEUP), a nast\u0119pnie wype\u0142ni\u0107 wniosek przy u\u017cyciu formularza.<\/p>\n\n\n\n<p class=\"wp-block-paragraph\"><strong>Us\u0142uga skierowana jest do:<\/strong><\/p>\n\n\n\n<ul class=\"wp-block-list\"><li>wszystkich mikro, ma\u0142ych i \u015brednich przedsi\u0119biorc\u00f3w w Polsce<\/li><li>przedsi\u0119biorstw prowadz\u0105cych dzia\u0142alno\u015b\u0107 mieszcz\u0105c\u0105 si\u0119 w obszarze tzw. Krajowych Inteligentnych Specjalizacji (KIS)<\/li><li>przedsi\u0119biorstwo zarejestrowane jest na terenie Rzeczypospolitej Polskiej.<\/li><\/ul>\n\n\n\n<p class=\"wp-block-paragraph\">Dofinansowanie mo\u017cna uzyska\u0107 na pokrycie <strong>90% lub 95%<\/strong> koszt\u00f3w us\u0142ugi identyfikacji w\u0142asno\u015bci intelektualnej \u015bwiadczonej w ramach projektu.<\/p>\n\n\n\n<p class=\"wp-block-paragraph\"><strong>Koszt us\u0142ugi wynosi 2-4 tys. z\u0142., z czego dofinansowane jest:<\/strong><\/p>\n\n\n\n<ul class=\"wp-block-list\"><li>95% (w przypadku mikro przedsi\u0119biorstw)<\/li><li>90% (w przypadku ma\u0142ych i \u015brednich przedsi\u0119biorstw) koszt\u00f3w us\u0142ugi.<\/li><\/ul>\n\n\n\n<p class=\"wp-block-paragraph\">Projekt w ca\u0142o\u015bci finansowany jest w ramach Programu Operacyjnego Inteligentny Rozw\u00f3j, dzia\u0142anie 2.6 \u201eProjekt pozakonkursowy Urz\u0119du Patentowego RP\u201d, w ramach Europejskiego Funduszu Rozwoju Regionalnego.<\/p>\n\n\n\n<p class=\"wp-block-paragraph\">Nab\u00f3r wniosk\u00f3w jest ci\u0105g\u0142y. Ostatnie wnioski mo\u017cna sk\u0142ada\u0107 do <strong>ko\u0144ca sierpnia 2022 roku<\/strong>.<\/p>\n","protected":false},"excerpt":{"rendered":"<p>Uprzejmie zapraszamy do aplikowania w ramach us\u0142ugi realizowanej w ramach Programu Operacyjnego Inteligentny Rozw\u00f3j. Aby zg\u0142osi\u0107 sw\u00f3j udzia\u0142 w projekcie, nale\u017cy zarejestrowa\u0107 \/ zalogowa\u0107 si\u0119 na<span class=\"excerpt-hellip\"> [\u2026]<\/span><\/p>\n","protected":false},"author":1,"featured_media":1048,"comment_status":"open","ping_status":"closed","sticky":false,"template":"","format":"standard","meta":{"footnotes":""},"categories":[6,12],"tags":[17,23,7,24],"class_list":["post-607","post","type-post","status-publish","format-standard","has-post-thumbnail","hentry","category-projekty_ue","category-wpisy","tag-br","tag-badania","tag-projekty-ue","tag-rozwoj"],"_links":{"self":[{"href":"https:\/\/inerio.com.pl\/index.php?rest_route=\/wp\/v2\/posts\/607","targetHints":{"allow":["GET"]}}],"collection":[{"href":"https:\/\/inerio.com.pl\/index.php?rest_route=\/wp\/v2\/posts"}],"about":[{"href":"https:\/\/inerio.com.pl\/index.php?rest_route=\/wp\/v2\/types\/post"}],"author":[{"embeddable":true,"href":"https:\/\/inerio.com.pl\/index.php?rest_route=\/wp\/v2\/users\/1"}],"replies":[{"embeddable":true,"href":"https:\/\/inerio.com.pl\/index.php?rest_route=%2Fwp%2Fv2%2Fcomments&post=607"}],"version-history":[{"count":1,"href":"https:\/\/inerio.com.pl\/index.php?rest_route=\/wp\/v2\/posts\/607\/revisions"}],"predecessor-version":[{"id":1170,"href":"https:\/\/inerio.com.pl\/index.php?rest_route=\/wp\/v2\/posts\/607\/revisions\/1170"}],"wp:featuredmedia":[{"embeddable":true,"href":"https:\/\/inerio.com.pl\/index.php?rest_route=\/wp\/v2\/media\/1048"}],"wp:attachment":[{"href":"https:\/\/inerio.com.pl\/index.php?rest_route=%2Fwp%2Fv2%2Fmedia&parent=607"}],"wp:term":[{"taxonomy":"category","embeddable":true,"href":"https:\/\/inerio.com.pl\/index.php?rest_route=%2Fwp%2Fv2%2Fcategories&post=607"},{"taxonomy":"post_tag","embeddable":true,"href":"https:\/\/inerio.com.pl\/index.php?rest_route=%2Fwp%2Fv2%2Ftags&post=607"}],"curies":[{"name":"wp","href":"https:\/\/api.w.org\/{rel}","templated":true}]}}