{"id":614,"date":"2022-01-29T22:58:00","date_gmt":"2022-01-29T22:58:00","guid":{"rendered":"https:\/\/inerio.com.pl\/?p=614"},"modified":"2026-08-05T09:03:35","modified_gmt":"2026-08-05T09:03:35","slug":"pomoc-regionalna-w-2022-roku","status":"publish","type":"post","link":"https:\/\/inerio.com.pl\/?p=614","title":{"rendered":"POMOC REGIONALNA W 2022 ROKU"},"content":{"rendered":"\n<p class=\"wp-block-paragraph\">Rz\u0105d ustali\u0142 map\u0119 pomocy regionalnej na lata 2022\u20132027.<\/p>\n\n\n\n<p class=\"wp-block-paragraph\">Od 1 stycznia 2022 r. maksymalna intensywno\u015b\u0107 pomocy regionalnej liczona jako stosunek warto\u015bci pomocy regionalnej, wyra\u017conej w ekwiwalencie dotacji brutto, do koszt\u00f3w kwalifikowalnych wynosi:<\/p>\n\n\n\n<p class=\"wp-block-paragraph\">1) 50% \u2013 na obszarach nale\u017c\u0105cych do wojew\u00f3dztw: lubelskiego, podkarpackiego, podlaskiego, \u015bwi\u0119tokrzyskiego, warmi\u0144sko-mazurskiego oraz do podregionu siedleckiego;<\/p>\n\n\n\n<p class=\"wp-block-paragraph\">2) 40% \u2013 na obszarach nale\u017c\u0105cych do wojew\u00f3dztw: kujawsko-pomorskiego, lubuskiego, \u0142\u00f3dzkiego, ma\u0142opolskiego, opolskiego, zachodniopomorskiego oraz do regionu mazowieckiego regionalnego, z wyj\u0105tkiem podregionu siedleckiego;<\/p>\n\n\n\n<p class=\"wp-block-paragraph\">3) 30% \u2013 na obszarach nale\u017c\u0105cych do wojew\u00f3dztw: pomorskiego i \u015bl\u0105skiego;<\/p>\n\n\n\n<p class=\"wp-block-paragraph\">4) 25% \u2013 na obszarach nale\u017c\u0105cych do wojew\u00f3dztw: dolno\u015bl\u0105skiego i wielkopolskiego;<\/p>\n\n\n\n<p class=\"wp-block-paragraph\">5) na obszarach nale\u017c\u0105cych do miast Poznania i Wroc\u0142awia oraz do podregionu pozna\u0144skiego:<\/p>\n\n\n\n<p class=\"wp-block-paragraph\">a) 20% \u2013 w okresie od dnia 1 stycznia 2022 r. do dnia 31 grudnia 2024 r.,<\/p>\n\n\n\n<p class=\"wp-block-paragraph\">b) 15% \u2013 w okresie od dnia 1 stycznia 2025 r. do dnia 31 grudnia 2027 r.<\/p>\n\n\n\n<figure class=\"wp-block-image size-full\"><img decoding=\"async\" src=\"https:\/\/inerio.com.pl\/wp-content\/uploads\/2022\/03\/9.png\" alt=\"\" class=\"wp-image-615\"\/><\/figure>\n\n\n\n<p class=\"wp-block-paragraph\">Przedsi\u0119biorca, kt\u00f3ry jest w trakcie realizacji projektu inwestycyjnego lub decyzja o przyznaniu wsparcia zosta\u0142a wydana przed 1 stycznia 2022 r., b\u0119dzie si\u0119 rozlicza\u0142 wed\u0142ug stawek, kt\u00f3re obowi\u0105zywa\u0142y do 31.12.2021 roku.<\/p>\n","protected":false},"excerpt":{"rendered":"<p>Rz\u0105d ustali\u0142 map\u0119 pomocy regionalnej na lata 2022\u20132027. Od 1 stycznia 2022 r. maksymalna intensywno\u015b\u0107 pomocy regionalnej liczona jako stosunek warto\u015bci pomocy regionalnej, wyra\u017conej w ekwiwalencie<span class=\"excerpt-hellip\"> [\u2026]<\/span><\/p>\n","protected":false},"author":1,"featured_media":1050,"comment_status":"open","ping_status":"closed","sticky":false,"template":"","format":"standard","meta":{"footnotes":""},"categories":[6,12],"tags":[26,27,15,28,25],"class_list":["post-614","post","type-post","status-publish","format-standard","has-post-thumbnail","hentry","category-projekty_ue","category-wpisy","tag-mapa","tag-pomocy","tag-projekty","tag-regionalnej","tag-ue"],"_links":{"self":[{"href":"https:\/\/inerio.com.pl\/index.php?rest_route=\/wp\/v2\/posts\/614","targetHints":{"allow":["GET"]}}],"collection":[{"href":"https:\/\/inerio.com.pl\/index.php?rest_route=\/wp\/v2\/posts"}],"about":[{"href":"https:\/\/inerio.com.pl\/index.php?rest_route=\/wp\/v2\/types\/post"}],"author":[{"embeddable":true,"href":"https:\/\/inerio.com.pl\/index.php?rest_route=\/wp\/v2\/users\/1"}],"replies":[{"embeddable":true,"href":"https:\/\/inerio.com.pl\/index.php?rest_route=%2Fwp%2Fv2%2Fcomments&post=614"}],"version-history":[{"count":1,"href":"https:\/\/inerio.com.pl\/index.php?rest_route=\/wp\/v2\/posts\/614\/revisions"}],"predecessor-version":[{"id":1174,"href":"https:\/\/inerio.com.pl\/index.php?rest_route=\/wp\/v2\/posts\/614\/revisions\/1174"}],"wp:featuredmedia":[{"embeddable":true,"href":"https:\/\/inerio.com.pl\/index.php?rest_route=\/wp\/v2\/media\/1050"}],"wp:attachment":[{"href":"https:\/\/inerio.com.pl\/index.php?rest_route=%2Fwp%2Fv2%2Fmedia&parent=614"}],"wp:term":[{"taxonomy":"category","embeddable":true,"href":"https:\/\/inerio.com.pl\/index.php?rest_route=%2Fwp%2Fv2%2Fcategories&post=614"},{"taxonomy":"post_tag","embeddable":true,"href":"https:\/\/inerio.com.pl\/index.php?rest_route=%2Fwp%2Fv2%2Ftags&post=614"}],"curies":[{"name":"wp","href":"https:\/\/api.w.org\/{rel}","templated":true}]}}