{"id":638,"date":"2022-09-28T14:47:00","date_gmt":"2022-09-28T14:47:00","guid":{"rendered":"https:\/\/inerio.com.pl\/?p=638"},"modified":"2026-08-05T09:00:00","modified_gmt":"2026-08-05T09:00:00","slug":"kolejna-edycja-grantow-na-granty","status":"publish","type":"post","link":"https:\/\/inerio.com.pl\/?p=638","title":{"rendered":"Kolejna edycja \u201eGrant\u00f3w na granty"},"content":{"rendered":"\n<h3 class=\"wp-block-heading\">Minister Edukacji i Nauki ustanowi\u0142 przedsi\u0119wzi\u0119cie pod nazw\u0105 \u201eGranty na granty \u2013 promocja jako\u015bci IV (Horyzont Europa)\u201d. Wnioski mo\u017cna sk\u0142ada\u0107 od 26 wrze\u015bnia 2022 r.<\/h3>\n\n\n\n<p class=\"wp-block-paragraph\">Celem przedsi\u0119wzi\u0119cia Ministerstwa Edukacji i Nauki jest wspieranie podmiot\u00f3w systemu szkolnictwa wy\u017cszego i nauki w zwi\u0119kszaniu efektywno\u015bci ubiegania si\u0119 o granty finansowane z&nbsp;bud\u017cetu Unii Europejskiej ze \u015brodk\u00f3w pochodz\u0105cych z programu ramowego Horyzont Europa.<\/p>\n\n\n\n<p class=\"wp-block-paragraph\">Do udzia\u0142u w przedsi\u0119wzi\u0119ciu s\u0105 uprawnione nast\u0119puj\u0105ce podmioty:<\/p>\n\n\n\n<ul class=\"wp-block-list\"><li>uczelnie,<\/li><li>instytuty naukowe Polskiej Akademii Nauk,<\/li><li>instytuty badawcze,<\/li><li>instytuty dzia\u0142aj\u0105ce w ramach Sieci Badawczej \u0141ukasiewicz,<\/li><li>mi\u0119dzynarodowe instytuty naukowe utworzone na podstawie odr\u0119bnych ustaw dzia\u0142aj\u0105ce na terytorium Rzeczypospolitej Polskiej,<\/li><li>inne podmioty prowadz\u0105ce g\u0142\u00f3wnie dzia\u0142alno\u015b\u0107 naukow\u0105 w spos\u00f3b samodzielny i ci\u0105g\u0142y, b\u0119d\u0105ce organizacjami prowadz\u0105cymi badania i upowszechniaj\u0105cymi wiedz\u0119 w rozumieniu art. 2 pkt 83 rozporz\u0105dzenia Komisji (UE) nr 651\/2014 z dnia 17 czerwca 2014 r.<\/li><\/ul>\n\n\n\n<p class=\"wp-block-paragraph\">Wi\u0119cej informacji: <a href=\"https:\/\/www.kpk.gov.pl\/startuje-kolejna-edycja-grantow-na-granty?\" target=\"_blank\" rel=\"noreferrer noopener\">granty<\/a><\/p>\n","protected":false},"excerpt":{"rendered":"<p>Minister Edukacji i Nauki ustanowi\u0142 przedsi\u0119wzi\u0119cie pod nazw\u0105 \u201eGranty na granty \u2013 promocja jako\u015bci IV (Horyzont Europa)\u201d. Wnioski mo\u017cna sk\u0142ada\u0107 od 26 wrze\u015bnia 2022 r. Celem<span class=\"excerpt-hellip\"> [\u2026]<\/span><\/p>\n","protected":false},"author":1,"featured_media":1054,"comment_status":"open","ping_status":"closed","sticky":false,"template":"","format":"standard","meta":{"footnotes":""},"categories":[6,12],"tags":[17,13,26,15,7,24,25],"class_list":["post-638","post","type-post","status-publish","format-standard","has-post-thumbnail","hentry","category-projekty_ue","category-wpisy","tag-br","tag-dofinansowanie","tag-mapa","tag-projekty","tag-projekty-ue","tag-rozwoj","tag-ue"],"_links":{"self":[{"href":"https:\/\/inerio.com.pl\/index.php?rest_route=\/wp\/v2\/posts\/638","targetHints":{"allow":["GET"]}}],"collection":[{"href":"https:\/\/inerio.com.pl\/index.php?rest_route=\/wp\/v2\/posts"}],"about":[{"href":"https:\/\/inerio.com.pl\/index.php?rest_route=\/wp\/v2\/types\/post"}],"author":[{"embeddable":true,"href":"https:\/\/inerio.com.pl\/index.php?rest_route=\/wp\/v2\/users\/1"}],"replies":[{"embeddable":true,"href":"https:\/\/inerio.com.pl\/index.php?rest_route=%2Fwp%2Fv2%2Fcomments&post=638"}],"version-history":[{"count":1,"href":"https:\/\/inerio.com.pl\/index.php?rest_route=\/wp\/v2\/posts\/638\/revisions"}],"predecessor-version":[{"id":1151,"href":"https:\/\/inerio.com.pl\/index.php?rest_route=\/wp\/v2\/posts\/638\/revisions\/1151"}],"wp:featuredmedia":[{"embeddable":true,"href":"https:\/\/inerio.com.pl\/index.php?rest_route=\/wp\/v2\/media\/1054"}],"wp:attachment":[{"href":"https:\/\/inerio.com.pl\/index.php?rest_route=%2Fwp%2Fv2%2Fmedia&parent=638"}],"wp:term":[{"taxonomy":"category","embeddable":true,"href":"https:\/\/inerio.com.pl\/index.php?rest_route=%2Fwp%2Fv2%2Fcategories&post=638"},{"taxonomy":"post_tag","embeddable":true,"href":"https:\/\/inerio.com.pl\/index.php?rest_route=%2Fwp%2Fv2%2Ftags&post=638"}],"curies":[{"name":"wp","href":"https:\/\/api.w.org\/{rel}","templated":true}]}}