{"id":744,"date":"2024-02-26T09:41:00","date_gmt":"2024-02-26T09:41:00","guid":{"rendered":"https:\/\/inerio.com.pl\/?p=744"},"modified":"2026-08-05T08:40:45","modified_gmt":"2026-08-05T08:40:45","slug":"gospodarka-o-obiegu-zamknietym-w-msp-ii-etap-naboru-744","status":"publish","type":"post","link":"https:\/\/inerio.com.pl\/?p=744","title":{"rendered":"1.3.FEPW-Gospodarka o obiegu zamkni\u0119tym w M\u015aP- II etap naboru"},"content":{"rendered":"","protected":false},"excerpt":{"rendered":"<p>Dnia 13 czerwca 2024r. rusza nowy nab\u00f3r do programu 1.3 Gospodarka o obiegu zamkni\u0119tym w M\u015aP.<\/p>\n","protected":false},"author":1,"featured_media":1103,"comment_status":"open","ping_status":"closed","sticky":false,"template":"","format":"standard","meta":{"footnotes":""},"categories":[6,12],"tags":[13,32,15,7,24],"class_list":["post-744","post","type-post","status-publish","format-standard","has-post-thumbnail","hentry","category-projekty_ue","category-wpisy","tag-dofinansowanie","tag-feng","tag-projekty","tag-projekty-ue","tag-rozwoj"],"_links":{"self":[{"href":"https:\/\/inerio.com.pl\/index.php?rest_route=\/wp\/v2\/posts\/744","targetHints":{"allow":["GET"]}}],"collection":[{"href":"https:\/\/inerio.com.pl\/index.php?rest_route=\/wp\/v2\/posts"}],"about":[{"href":"https:\/\/inerio.com.pl\/index.php?rest_route=\/wp\/v2\/types\/post"}],"author":[{"embeddable":true,"href":"https:\/\/inerio.com.pl\/index.php?rest_route=\/wp\/v2\/users\/1"}],"replies":[{"embeddable":true,"href":"https:\/\/inerio.com.pl\/index.php?rest_route=%2Fwp%2Fv2%2Fcomments&post=744"}],"version-history":[{"count":1,"href":"https:\/\/inerio.com.pl\/index.php?rest_route=\/wp\/v2\/posts\/744\/revisions"}],"predecessor-version":[{"id":1132,"href":"https:\/\/inerio.com.pl\/index.php?rest_route=\/wp\/v2\/posts\/744\/revisions\/1132"}],"wp:featuredmedia":[{"embeddable":true,"href":"https:\/\/inerio.com.pl\/index.php?rest_route=\/wp\/v2\/media\/1103"}],"wp:attachment":[{"href":"https:\/\/inerio.com.pl\/index.php?rest_route=%2Fwp%2Fv2%2Fmedia&parent=744"}],"wp:term":[{"taxonomy":"category","embeddable":true,"href":"https:\/\/inerio.com.pl\/index.php?rest_route=%2Fwp%2Fv2%2Fcategories&post=744"},{"taxonomy":"post_tag","embeddable":true,"href":"https:\/\/inerio.com.pl\/index.php?rest_route=%2Fwp%2Fv2%2Ftags&post=744"}],"curies":[{"name":"wp","href":"https:\/\/api.w.org\/{rel}","templated":true}]}}