{"id":922,"date":"2026-02-20T14:55:59","date_gmt":"2026-02-20T14:55:59","guid":{"rendered":"https:\/\/inerio.com.pl\/?p=922"},"modified":"2026-08-05T08:15:53","modified_gmt":"2026-08-05T08:15:53","slug":"2-3-odnawialne-zrodla-energii-dotacja","status":"publish","type":"post","link":"https:\/\/inerio.com.pl\/?p=922","title":{"rendered":"2.3 Odnawialne \u017ar\u00f3d\u0142a energii \u2013 dotacja,"},"content":{"rendered":"\n<p class=\"wp-block-paragraph\">Ju\u017c <strong>3 marca 2026 r.<\/strong> rozpocznie si\u0119 nab\u00f3r wniosk\u00f3w o dofinansowanie magazyn\u00f3w energii dla przedsi\u0119biorstw w ramach programu <strong>Fundusze Europejskie dla Podkarpacia 2021\u20132027<\/strong>.<\/p>\n\n\n\n<p class=\"wp-block-paragraph\">Wsparcie b\u0119dzie przeznaczone na budow\u0119, rozbudow\u0119, zakup i monta\u017c magazyn\u00f3w energii elektrycznej lub cieplnej wsp\u00f3\u0142pracuj\u0105cych z istniej\u0105c\u0105 instalacj\u0105 OZE. O dotacj\u0119 b\u0119d\u0105 mog\u0142y ubiega\u0107 si\u0119 mikro, ma\u0142e, \u015brednie oraz du\u017ce przedsi\u0119biorstwa prowadz\u0105ce dzia\u0142alno\u015b\u0107 na terenie wojew\u00f3dztwa podkarpackiego.<\/p>\n\n\n\n<p class=\"wp-block-paragraph\">Bud\u017cet naboru wynosi ponad <strong>78,7 mln z\u0142<\/strong>, a maksymalny poziom dofinansowania mo\u017ce si\u0119ga\u0107 nawet <strong>60% koszt\u00f3w kwalifikowanych<\/strong> w przypadku M\u015aP.<\/p>\n\n\n\n<p class=\"wp-block-paragraph\">Wnioski b\u0119dzie mo\u017cna sk\u0142ada\u0107 elektronicznie od <strong>3 marca do 31 marca 2026 r.<\/strong> za po\u015brednictwem systemu WOD2021. Nab\u00f3r to dobra okazja dla firm, kt\u00f3re posiadaj\u0105 instalacj\u0119 OZE i chc\u0105 zwi\u0119kszy\u0107 autokonsumpcj\u0119 energii oraz poprawi\u0107 bezpiecze\u0144stwo energetyczne przedsi\u0119biorstwa.<\/p>\n\n\n\n<p class=\"wp-block-paragraph\">Wi\u0119cej informacji mo\u017cna uzyska\u0107 pod<a href=\"https:\/\/www.funduszeunijne.gov.pl\/nabory\/23-odnawialne-zrodla-energii-dotacja-typ-projektu-magazyny-energii-dla-przedsiebiorstw-nr-naboru-fepk0203-iz00-00226\/\"> linkiem<\/a><\/p>\n\n\n\n<p class=\"wp-block-paragraph\"><\/p>\n","protected":false},"excerpt":{"rendered":"<p>Ju\u017c 3 marca 2026 r. rozpocznie si\u0119 nab\u00f3r wniosk\u00f3w o dofinansowanie magazyn\u00f3w energii dla przedsi\u0119biorstw w ramach programu Fundusze Europejskie dla Podkarpacia 2021\u20132027.<\/p>\n","protected":false},"author":1,"featured_media":1064,"comment_status":"open","ping_status":"closed","sticky":false,"template":"","format":"standard","meta":{"footnotes":""},"categories":[6,1,12],"tags":[13,15,7,24],"class_list":["post-922","post","type-post","status-publish","format-standard","has-post-thumbnail","hentry","category-projekty_ue","category-uncategorized","category-wpisy","tag-dofinansowanie","tag-projekty","tag-projekty-ue","tag-rozwoj"],"_links":{"self":[{"href":"https:\/\/inerio.com.pl\/index.php?rest_route=\/wp\/v2\/posts\/922","targetHints":{"allow":["GET"]}}],"collection":[{"href":"https:\/\/inerio.com.pl\/index.php?rest_route=\/wp\/v2\/posts"}],"about":[{"href":"https:\/\/inerio.com.pl\/index.php?rest_route=\/wp\/v2\/types\/post"}],"author":[{"embeddable":true,"href":"https:\/\/inerio.com.pl\/index.php?rest_route=\/wp\/v2\/users\/1"}],"replies":[{"embeddable":true,"href":"https:\/\/inerio.com.pl\/index.php?rest_route=%2Fwp%2Fv2%2Fcomments&post=922"}],"version-history":[{"count":1,"href":"https:\/\/inerio.com.pl\/index.php?rest_route=\/wp\/v2\/posts\/922\/revisions"}],"predecessor-version":[{"id":1065,"href":"https:\/\/inerio.com.pl\/index.php?rest_route=\/wp\/v2\/posts\/922\/revisions\/1065"}],"wp:featuredmedia":[{"embeddable":true,"href":"https:\/\/inerio.com.pl\/index.php?rest_route=\/wp\/v2\/media\/1064"}],"wp:attachment":[{"href":"https:\/\/inerio.com.pl\/index.php?rest_route=%2Fwp%2Fv2%2Fmedia&parent=922"}],"wp:term":[{"taxonomy":"category","embeddable":true,"href":"https:\/\/inerio.com.pl\/index.php?rest_route=%2Fwp%2Fv2%2Fcategories&post=922"},{"taxonomy":"post_tag","embeddable":true,"href":"https:\/\/inerio.com.pl\/index.php?rest_route=%2Fwp%2Fv2%2Ftags&post=922"}],"curies":[{"name":"wp","href":"https:\/\/api.w.org\/{rel}","templated":true}]}}